{"id":10245,"date":"2024-11-15T12:51:06","date_gmt":"2024-11-15T11:51:06","guid":{"rendered":"https:\/\/annexeromainville.com\/?p=10245"},"modified":"2025-07-23T15:37:26","modified_gmt":"2025-07-23T14:37:26","slug":"tempi-temtoa","status":"publish","type":"post","link":"https:\/\/annexeromainville.com\/index.php\/2024\/11\/15\/tempi-temtoa\/","title":{"rendered":"T\u00c8MPI T\u00c8MTOA"},"content":{"rendered":"<h1 style=\"text-align: center;\">T\u00c8MPI T\u00c8MTOA<\/h1>\n<p><img loading=\"lazy\" class=\"size-medium wp-image-10246 alignleft\" src=\"https:\/\/annexeromainville.com\/wp-content\/uploads\/2024\/11\/Barbara-Glet-2-300x300.jpg\" alt=\"\" width=\"300\" height=\"300\" srcset=\"https:\/\/annexeromainville.com\/wp-content\/uploads\/2024\/11\/Barbara-Glet-2-300x300.jpg 300w, https:\/\/annexeromainville.com\/wp-content\/uploads\/2024\/11\/Barbara-Glet-2-1024x1024.jpg 1024w, https:\/\/annexeromainville.com\/wp-content\/uploads\/2024\/11\/Barbara-Glet-2-150x150.jpg 150w, https:\/\/annexeromainville.com\/wp-content\/uploads\/2024\/11\/Barbara-Glet-2-768x768.jpg 768w, https:\/\/annexeromainville.com\/wp-content\/uploads\/2024\/11\/Barbara-Glet-2-1536x1536.jpg 1536w, https:\/\/annexeromainville.com\/wp-content\/uploads\/2024\/11\/Barbara-Glet-2-2048x2048.jpg 2048w\" sizes=\"(max-width: 300px) 100vw, 300px\" \/>T\u00e8mpi, c&#8217;est le tempo au pluriel. T\u00e8mtoa, c&#8217;est la mise en son d&#8217;une d\u00e9claration d&#8217;amour : je t&#8217;aime toi ! T\u00e8mpi t\u00e8mtoa ce sont les rythmes, les pulsations de nos \u00e9lans d&#8217;amour.<\/p>\n<p>Ce spectacle se veut une \u00f4de \u00e0 la tendresse et \u00e0 la complicit\u00e9 qui se construit, s&#8217;invente au sein de chaque famille entre le tout-petit et ceux qui l&#8217;entourent.<\/p>\n<p><em>Bonheur, c&#8217;est l\u2019\u00e9nergie qui se d\u00e9gage de ce beau duo! Courez les voir vous en sortirez heureux !<\/em><\/p>\n<p>&nbsp;<\/p>\n<p>&nbsp;<\/p>\n<p><strong>Dates :<br \/>\n<\/strong><strong>6 D\u00e9cembre&nbsp;<\/strong>\u00e0&nbsp;<strong>15H&nbsp;<\/strong>et&nbsp;<strong>16H30<\/strong><br \/>\n<strong>Dur\u00e9e :<\/strong> 30 minutes<em><br \/>\n<\/em><strong>Tout public<\/strong><br \/>\nDe 6 mois \u00e0 5 ans.<\/p>\n<p>&nbsp;<\/p>\n<div class=\"CampaignPresentation Card\" data-testid=\"campaign-presentation\">\n<div class=\"GeneratedContentWrapper\">\n<div class=\"'GeneratedContent\">\n<p><i>Les Productions Anecdotiques<\/i><\/p>\n<p><strong>Auteur.es<\/strong> Barbara Glet et Louis Galliot (contribution Guy Prunier)<\/p>\n<p><strong>Compositeurs <\/strong>Barbara Glet et Louis Galliot<\/p>\n<p><strong>Avec <\/strong>Barbara Glet et Louis Galliot<\/p>\n<p><strong>Cr\u00e9ation Lumi\u00e8re<\/strong> Blandine Laennec&nbsp;<\/p>\n<\/div>\n<\/div>\n<\/div>\n<p>&nbsp;<\/p>\n<p><a href=\"https:\/\/annexeromainville.com\/wp-content\/uploads\/2024\/10\/bandeaux6.png\"><img loading=\"lazy\" class=\"size-medium wp-image-10389 aligncenter\" src=\"https:\/\/annexeromainville.com\/wp-content\/uploads\/2024\/10\/bandeaux6-300x39.png\" alt=\"\" width=\"300\" height=\"39\" srcset=\"https:\/\/annexeromainville.com\/wp-content\/uploads\/2024\/10\/bandeaux6-300x39.png 300w, https:\/\/annexeromainville.com\/wp-content\/uploads\/2024\/10\/bandeaux6-1024x133.png 1024w, https:\/\/annexeromainville.com\/wp-content\/uploads\/2024\/10\/bandeaux6-768x100.png 768w, https:\/\/annexeromainville.com\/wp-content\/uploads\/2024\/10\/bandeaux6-1536x200.png 1536w, https:\/\/annexeromainville.com\/wp-content\/uploads\/2024\/10\/bandeaux6.png 1920w\" sizes=\"(max-width: 300px) 100vw, 300px\" \/><\/a><\/p>\n<p><a href=\"https:\/\/www.helloasso.com\/associations\/jetzt\/evenements\/spectacle-tempi-temtoa-6-decembre-15h?_gl=1%2a1lzw39m%2a_gcl_au%2aMTMzOTk3MjAwLjE3NTMxMTIwNTU.\" target=\"_blank\" rel=\"noopener\"><img loading=\"lazy\" class=\"size-medium wp-image-10827 aligncenter\" src=\"https:\/\/annexeromainville.com\/wp-content\/uploads\/2024\/11\/6_Dec_15H-300x75.png\" alt=\"\" width=\"300\" height=\"75\" srcset=\"https:\/\/annexeromainville.com\/wp-content\/uploads\/2024\/11\/6_Dec_15H-300x75.png 300w, https:\/\/annexeromainville.com\/wp-content\/uploads\/2024\/11\/6_Dec_15H-1024x256.png 1024w, https:\/\/annexeromainville.com\/wp-content\/uploads\/2024\/11\/6_Dec_15H-768x192.png 768w, https:\/\/annexeromainville.com\/wp-content\/uploads\/2024\/11\/6_Dec_15H-1536x384.png 1536w, https:\/\/annexeromainville.com\/wp-content\/uploads\/2024\/11\/6_Dec_15H.png 1584w\" sizes=\"(max-width: 300px) 100vw, 300px\" \/><\/a><\/p>\n<p><a href=\"https:\/\/www.helloasso.com\/associations\/jetzt\/evenements\/spectacle-tempi-temtoa-6-decembre-16h30?_gl=1%2apoizxk%2a_gcl_au%2aMTMzOTk3MjAwLjE3NTMxMTIwNTU.\" target=\"_blank\" rel=\"noopener\"><img loading=\"lazy\" class=\"size-medium wp-image-10828 aligncenter\" src=\"https:\/\/annexeromainville.com\/wp-content\/uploads\/2024\/11\/6_Dec_16H30-300x75.png\" alt=\"\" width=\"300\" height=\"75\" srcset=\"https:\/\/annexeromainville.com\/wp-content\/uploads\/2024\/11\/6_Dec_16H30-300x75.png 300w, https:\/\/annexeromainville.com\/wp-content\/uploads\/2024\/11\/6_Dec_16H30-1024x256.png 1024w, https:\/\/annexeromainville.com\/wp-content\/uploads\/2024\/11\/6_Dec_16H30-768x192.png 768w, https:\/\/annexeromainville.com\/wp-content\/uploads\/2024\/11\/6_Dec_16H30-1536x384.png 1536w, https:\/\/annexeromainville.com\/wp-content\/uploads\/2024\/11\/6_Dec_16H30.png 1584w\" sizes=\"(max-width: 300px) 100vw, 300px\" \/><\/a><\/p>\n","protected":false},"excerpt":{"rendered":"<p>T\u00c8MPI T\u00c8MTOA T\u00e8mpi, c&#8217;est le tempo au pluriel. T\u00e8mtoa, c&#8217;est la mise en son d&#8217;une d\u00e9claration d&#8217;amour : je t&#8217;aime toi ! T\u00e8mpi t\u00e8mtoa ce sont les rythmes, les pulsations<span class=\"read-more-wrap\"><a class=\"moretag\" href=\"https:\/\/annexeromainville.com\/index.php\/2024\/11\/15\/tempi-temtoa\/\">Lire la suite<span class=\"screen-reader-text\">T\u00c8MPI T\u00c8MTOA<\/span><\/a><\/span><\/p>\n","protected":false},"author":2,"featured_media":10826,"comment_status":"open","ping_status":"open","sticky":false,"template":"","format":"standard","meta":{"_bbp_topic_count":0,"_bbp_reply_count":0,"_bbp_total_topic_count":0,"_bbp_total_reply_count":0,"_bbp_voice_count":0,"_bbp_anonymous_reply_count":0,"_bbp_topic_count_hidden":0,"_bbp_reply_count_hidden":0,"_bbp_forum_subforum_count":0,"ngg_post_thumbnail":0},"categories":[4],"tags":[],"_links":{"self":[{"href":"https:\/\/annexeromainville.com\/index.php\/wp-json\/wp\/v2\/posts\/10245"}],"collection":[{"href":"https:\/\/annexeromainville.com\/index.php\/wp-json\/wp\/v2\/posts"}],"about":[{"href":"https:\/\/annexeromainville.com\/index.php\/wp-json\/wp\/v2\/types\/post"}],"author":[{"embeddable":true,"href":"https:\/\/annexeromainville.com\/index.php\/wp-json\/wp\/v2\/users\/2"}],"replies":[{"embeddable":true,"href":"https:\/\/annexeromainville.com\/index.php\/wp-json\/wp\/v2\/comments?post=10245"}],"version-history":[{"count":8,"href":"https:\/\/annexeromainville.com\/index.php\/wp-json\/wp\/v2\/posts\/10245\/revisions"}],"predecessor-version":[{"id":10851,"href":"https:\/\/annexeromainville.com\/index.php\/wp-json\/wp\/v2\/posts\/10245\/revisions\/10851"}],"wp:featuredmedia":[{"embeddable":true,"href":"https:\/\/annexeromainville.com\/index.php\/wp-json\/wp\/v2\/media\/10826"}],"wp:attachment":[{"href":"https:\/\/annexeromainville.com\/index.php\/wp-json\/wp\/v2\/media?parent=10245"}],"wp:term":[{"taxonomy":"category","embeddable":true,"href":"https:\/\/annexeromainville.com\/index.php\/wp-json\/wp\/v2\/categories?post=10245"},{"taxonomy":"post_tag","embeddable":true,"href":"https:\/\/annexeromainville.com\/index.php\/wp-json\/wp\/v2\/tags?post=10245"}],"curies":[{"name":"wp","href":"https:\/\/api.w.org\/{rel}","templated":true}]}}