{"id":10915,"date":"2025-09-11T11:44:58","date_gmt":"2025-09-11T10:44:58","guid":{"rendered":"https:\/\/annexeromainville.com\/?p=10915"},"modified":"2026-02-23T13:30:48","modified_gmt":"2026-02-23T12:30:48","slug":"stages-professionnels","status":"publish","type":"post","link":"https:\/\/annexeromainville.com\/index.php\/2025\/09\/11\/stages-professionnels\/","title":{"rendered":"Stages Professionnels"},"content":{"rendered":"<h1 style=\"text-align: center;\">Stages Professionnels<\/h1>\n<p>&nbsp;<\/p>\n<p style=\"text-align: center;\"><strong>Vous souhaitez d\u00e9velopper des nouvelles comp\u00e9tences ? <\/strong><\/p>\n<p style=\"text-align: center;\"><strong>Maturer un projet artistique ou tout simplement, gagner en confiance en soi ?<\/strong><\/p>\n<p>&nbsp;<\/p>\n<p>Notre structure vous propose des ateliers pour d\u00e9velopper des comp\u00e9tences professionnelles gr\u00e2ce \u00e0 l&#8217;art th\u00e9\u00e2trale.&nbsp;<\/p>\n<p><strong>Au programme : <\/strong>cours th\u00e9orique, \u00e9change avec des professionnels du milieu et cas pratiques.<\/p>\n<p>&nbsp;<\/p>\n<p><a href=\"https:\/\/annexeromainville.com\/index.php\/stage-professionnel\/prise-de-parole-en-public\/\"><img loading=\"lazy\" class=\"alignnone wp-image-11307 size-medium\" src=\"https:\/\/annexeromainville.com\/wp-content\/uploads\/2025\/09\/2-300x300.png\" alt=\"\" width=\"300\" height=\"300\" srcset=\"https:\/\/annexeromainville.com\/wp-content\/uploads\/2025\/09\/2-300x300.png 300w, https:\/\/annexeromainville.com\/wp-content\/uploads\/2025\/09\/2-1024x1024.png 1024w, https:\/\/annexeromainville.com\/wp-content\/uploads\/2025\/09\/2-150x150.png 150w, https:\/\/annexeromainville.com\/wp-content\/uploads\/2025\/09\/2-768x768.png 768w, https:\/\/annexeromainville.com\/wp-content\/uploads\/2025\/09\/2.png 1080w\" sizes=\"(max-width: 300px) 100vw, 300px\" \/><\/a><img loading=\"lazy\" class=\"alignright wp-image-11310 size-medium\" src=\"https:\/\/annexeromainville.com\/wp-content\/uploads\/2025\/09\/8-300x300.png\" alt=\"\" width=\"300\" height=\"300\" srcset=\"https:\/\/annexeromainville.com\/wp-content\/uploads\/2025\/09\/8-300x300.png 300w, https:\/\/annexeromainville.com\/wp-content\/uploads\/2025\/09\/8-1024x1024.png 1024w, https:\/\/annexeromainville.com\/wp-content\/uploads\/2025\/09\/8-150x150.png 150w, https:\/\/annexeromainville.com\/wp-content\/uploads\/2025\/09\/8-768x768.png 768w, https:\/\/annexeromainville.com\/wp-content\/uploads\/2025\/09\/8.png 1080w\" sizes=\"(max-width: 300px) 100vw, 300px\" \/><\/p>\n<p><a href=\"https:\/\/annexeromainville.com\/index.php\/stage-professionnel\/reussir-son-entretien\/\"><img loading=\"lazy\" class=\"alignnone size-medium wp-image-11309\" src=\"https:\/\/annexeromainville.com\/wp-content\/uploads\/2025\/09\/6-300x300.png\" alt=\"\" width=\"300\" height=\"300\" srcset=\"https:\/\/annexeromainville.com\/wp-content\/uploads\/2025\/09\/6-300x300.png 300w, https:\/\/annexeromainville.com\/wp-content\/uploads\/2025\/09\/6-1024x1024.png 1024w, https:\/\/annexeromainville.com\/wp-content\/uploads\/2025\/09\/6-150x150.png 150w, https:\/\/annexeromainville.com\/wp-content\/uploads\/2025\/09\/6-768x768.png 768w, https:\/\/annexeromainville.com\/wp-content\/uploads\/2025\/09\/6.png 1080w\" sizes=\"(max-width: 300px) 100vw, 300px\" \/><\/a><img loading=\"lazy\" class=\"size-medium wp-image-11308 alignright\" src=\"https:\/\/annexeromainville.com\/wp-content\/uploads\/2025\/09\/4-1-300x300.png\" alt=\"\" width=\"300\" height=\"300\" srcset=\"https:\/\/annexeromainville.com\/wp-content\/uploads\/2025\/09\/4-1-300x300.png 300w, https:\/\/annexeromainville.com\/wp-content\/uploads\/2025\/09\/4-1-1024x1024.png 1024w, https:\/\/annexeromainville.com\/wp-content\/uploads\/2025\/09\/4-1-150x150.png 150w, https:\/\/annexeromainville.com\/wp-content\/uploads\/2025\/09\/4-1-768x768.png 768w, https:\/\/annexeromainville.com\/wp-content\/uploads\/2025\/09\/4-1.png 1080w\" sizes=\"(max-width: 300px) 100vw, 300px\" \/><\/p>\n<p><a href=\"https:\/\/annexeromainville.com\/index.php\/stage-professionnel\/methode-recherche-de-financement\/\"><img loading=\"lazy\" class=\"size-medium wp-image-11311 alignleft\" src=\"https:\/\/annexeromainville.com\/wp-content\/uploads\/2025\/09\/10-300x300.png\" alt=\"\" width=\"300\" height=\"300\" srcset=\"https:\/\/annexeromainville.com\/wp-content\/uploads\/2025\/09\/10-300x300.png 300w, https:\/\/annexeromainville.com\/wp-content\/uploads\/2025\/09\/10-1024x1024.png 1024w, https:\/\/annexeromainville.com\/wp-content\/uploads\/2025\/09\/10-150x150.png 150w, https:\/\/annexeromainville.com\/wp-content\/uploads\/2025\/09\/10-768x768.png 768w, https:\/\/annexeromainville.com\/wp-content\/uploads\/2025\/09\/10.png 1080w\" sizes=\"(max-width: 300px) 100vw, 300px\" \/><\/a><img loading=\"lazy\" class=\"wp-image-10985 size-medium alignright\" src=\"https:\/\/annexeromainville.com\/wp-content\/uploads\/2025\/09\/Visuel_Site_Stage_Pro_25-266-300x300.png\" alt=\"\" width=\"300\" height=\"300\" srcset=\"https:\/\/annexeromainville.com\/wp-content\/uploads\/2025\/09\/Visuel_Site_Stage_Pro_25-266-300x300.png 300w, https:\/\/annexeromainville.com\/wp-content\/uploads\/2025\/09\/Visuel_Site_Stage_Pro_25-266-1024x1024.png 1024w, https:\/\/annexeromainville.com\/wp-content\/uploads\/2025\/09\/Visuel_Site_Stage_Pro_25-266-150x150.png 150w, https:\/\/annexeromainville.com\/wp-content\/uploads\/2025\/09\/Visuel_Site_Stage_Pro_25-266-768x768.png 768w, https:\/\/annexeromainville.com\/wp-content\/uploads\/2025\/09\/Visuel_Site_Stage_Pro_25-266.png 1080w\" sizes=\"(max-width: 300px) 100vw, 300px\" \/><\/p>\n<p>&nbsp;<\/p>\n<p>&nbsp;<\/p>\n<p>&nbsp;<\/p>\n<p>&nbsp;<\/p>\n<p>&nbsp;<\/p>\n<p>&nbsp;<\/p>\n<p>&nbsp;<\/p>\n<p><a href=\"https:\/\/www.helloasso.com\/associations\/jetzt\/evenements\/stage-professionnel-piloter-un-projet-culturel?_gl=1%2a121dtu%2a_gcl_aw%2aR0NMLjE3NTc1ODAzMzUuQ2owS0NRanc1b25HQmhEZUFSSXNBRks2UUpiZGQ5a1ZTQXk4V0g1UnUtLWQ5eFBTeUNkb0ZMNzdOdV9JSFM1VDIwLXozeHFFakxNT2xRQWFBb2NqRUFMd193Y0I.%2a_gcl_au%2aMTMzOTk3MjAwLjE3NTMxMTIwNTUuNTUxODkwMDIxLjE3NTgxMjExNjQuMTc1ODEyMTE2Mw..\"><img loading=\"lazy\" class=\" wp-image-10389 alignright\" src=\"https:\/\/annexeromainville.com\/wp-content\/uploads\/2024\/10\/bandeaux6-300x39.png\" alt=\"\" width=\"300\" height=\"39\" srcset=\"https:\/\/annexeromainville.com\/wp-content\/uploads\/2024\/10\/bandeaux6-300x39.png 300w, https:\/\/annexeromainville.com\/wp-content\/uploads\/2024\/10\/bandeaux6-1024x133.png 1024w, https:\/\/annexeromainville.com\/wp-content\/uploads\/2024\/10\/bandeaux6-768x100.png 768w, https:\/\/annexeromainville.com\/wp-content\/uploads\/2024\/10\/bandeaux6-1536x200.png 1536w, https:\/\/annexeromainville.com\/wp-content\/uploads\/2024\/10\/bandeaux6.png 1920w\" sizes=\"(max-width: 300px) 100vw, 300px\" \/><\/a><\/p>\n<p><a href=\"https:\/\/www.helloasso.com\/associations\/jetzt\/evenements\/stage-professionnel-methode-de-financement-des-appels-a-projets\"><img loading=\"lazy\" class=\"alignleft wp-image-10389\" src=\"https:\/\/annexeromainville.com\/wp-content\/uploads\/2024\/10\/bandeaux6-300x39.png\" alt=\"\" width=\"300\" height=\"39\" srcset=\"https:\/\/annexeromainville.com\/wp-content\/uploads\/2024\/10\/bandeaux6-300x39.png 300w, https:\/\/annexeromainville.com\/wp-content\/uploads\/2024\/10\/bandeaux6-1024x133.png 1024w, https:\/\/annexeromainville.com\/wp-content\/uploads\/2024\/10\/bandeaux6-768x100.png 768w, https:\/\/annexeromainville.com\/wp-content\/uploads\/2024\/10\/bandeaux6-1536x200.png 1536w, https:\/\/annexeromainville.com\/wp-content\/uploads\/2024\/10\/bandeaux6.png 1920w\" sizes=\"(max-width: 300px) 100vw, 300px\" \/><\/a><\/p>\n<p>&nbsp;<\/p>\n<p><img loading=\"lazy\" class=\"wp-image-10987 size-medium alignleft\" src=\"https:\/\/annexeromainville.com\/wp-content\/uploads\/2025\/09\/Visuel_Site_Stage_Pro_25-268-300x300.png\" alt=\"\" width=\"300\" height=\"300\" srcset=\"https:\/\/annexeromainville.com\/wp-content\/uploads\/2025\/09\/Visuel_Site_Stage_Pro_25-268-300x300.png 300w, https:\/\/annexeromainville.com\/wp-content\/uploads\/2025\/09\/Visuel_Site_Stage_Pro_25-268-1024x1024.png 1024w, https:\/\/annexeromainville.com\/wp-content\/uploads\/2025\/09\/Visuel_Site_Stage_Pro_25-268-150x150.png 150w, https:\/\/annexeromainville.com\/wp-content\/uploads\/2025\/09\/Visuel_Site_Stage_Pro_25-268-768x768.png 768w, https:\/\/annexeromainville.com\/wp-content\/uploads\/2025\/09\/Visuel_Site_Stage_Pro_25-268.png 1080w\" sizes=\"(max-width: 300px) 100vw, 300px\" \/><\/p>\n<p><img loading=\"lazy\" class=\"wp-image-10988 size-medium alignright\" src=\"https:\/\/annexeromainville.com\/wp-content\/uploads\/2025\/09\/Visuel_Site_Stage_Pro_25-269-300x300.png\" alt=\"\" width=\"300\" height=\"300\" srcset=\"https:\/\/annexeromainville.com\/wp-content\/uploads\/2025\/09\/Visuel_Site_Stage_Pro_25-269-300x300.png 300w, https:\/\/annexeromainville.com\/wp-content\/uploads\/2025\/09\/Visuel_Site_Stage_Pro_25-269-1024x1024.png 1024w, https:\/\/annexeromainville.com\/wp-content\/uploads\/2025\/09\/Visuel_Site_Stage_Pro_25-269-150x150.png 150w, https:\/\/annexeromainville.com\/wp-content\/uploads\/2025\/09\/Visuel_Site_Stage_Pro_25-269-768x768.png 768w, https:\/\/annexeromainville.com\/wp-content\/uploads\/2025\/09\/Visuel_Site_Stage_Pro_25-269.png 1080w\" sizes=\"(max-width: 300px) 100vw, 300px\" \/><\/p>\n<p>&nbsp;<\/p>\n<p>&nbsp;<\/p>\n<p>&nbsp;<\/p>\n<p>&nbsp;<\/p>\n<p>&nbsp;<\/p>\n<p>&nbsp;<\/p>\n<p>&nbsp;<\/p>\n<p>&nbsp;<\/p>\n<p><a href=\"https:\/\/www.helloasso.com\/associations\/jetzt\/evenements\/stage-professionnel-reussir-son-financement-de-projet-culturel?_gl=1%2a1eiwczf%2a_gcl_aw%2aR0NMLjE3NTc1ODAzMzUuQ2owS0NRanc1b25HQmhEZUFSSXNBRks2UUpiZGQ5a1ZTQXk4V0g1UnUtLWQ5eFBTeUNkb0ZMNzdOdV9JSFM1VDIwLXozeHFFakxNT2xRQWFBb2NqRUFMd193Y0I.%2a_gcl_au%2aMTMzOTk3MjAwLjE3NTMxMTIwNTUuNTUxODkwMDIxLjE3NTgxMjExNjQuMTc1ODEyMTE2Mw..\"><img loading=\"lazy\" class=\"size-medium wp-image-10389 alignleft\" src=\"https:\/\/annexeromainville.com\/wp-content\/uploads\/2024\/10\/bandeaux6-300x39.png\" alt=\"\" width=\"300\" height=\"39\" srcset=\"https:\/\/annexeromainville.com\/wp-content\/uploads\/2024\/10\/bandeaux6-300x39.png 300w, https:\/\/annexeromainville.com\/wp-content\/uploads\/2024\/10\/bandeaux6-1024x133.png 1024w, https:\/\/annexeromainville.com\/wp-content\/uploads\/2024\/10\/bandeaux6-768x100.png 768w, https:\/\/annexeromainville.com\/wp-content\/uploads\/2024\/10\/bandeaux6-1536x200.png 1536w, https:\/\/annexeromainville.com\/wp-content\/uploads\/2024\/10\/bandeaux6.png 1920w\" sizes=\"(max-width: 300px) 100vw, 300px\" \/><\/a><a href=\"https:\/\/www.helloasso.com\/associations\/jetzt\/evenements\/stage-professionnel-reussir-son-cv-et-sa-lettre-de-motivation?_gl=1%2a1eiwczf%2a_gcl_aw%2aR0NMLjE3NTc1ODAzMzUuQ2owS0NRanc1b25HQmhEZUFSSXNBRks2UUpiZGQ5a1ZTQXk4V0g1UnUtLWQ5eFBTeUNkb0ZMNzdOdV9JSFM1VDIwLXozeHFFakxNT2xRQWFBb2NqRUFMd193Y0I.%2a_gcl_au%2aMTMzOTk3MjAwLjE3NTMxMTIwNTUuNTUxODkwMDIxLjE3NTgxMjExNjQuMTc1ODEyMTE2Mw..\"><img loading=\"lazy\" class=\"size-medium wp-image-10389 alignright\" src=\"https:\/\/annexeromainville.com\/wp-content\/uploads\/2024\/10\/bandeaux6-300x39.png\" alt=\"\" width=\"300\" height=\"39\" srcset=\"https:\/\/annexeromainville.com\/wp-content\/uploads\/2024\/10\/bandeaux6-300x39.png 300w, https:\/\/annexeromainville.com\/wp-content\/uploads\/2024\/10\/bandeaux6-1024x133.png 1024w, https:\/\/annexeromainville.com\/wp-content\/uploads\/2024\/10\/bandeaux6-768x100.png 768w, https:\/\/annexeromainville.com\/wp-content\/uploads\/2024\/10\/bandeaux6-1536x200.png 1536w, https:\/\/annexeromainville.com\/wp-content\/uploads\/2024\/10\/bandeaux6.png 1920w\" sizes=\"(max-width: 300px) 100vw, 300px\" \/><\/a><\/p>\n","protected":false},"excerpt":{"rendered":"<p>Stages Professionnels &nbsp; Vous souhaitez d\u00e9velopper des nouvelles comp\u00e9tences ? Maturer un projet artistique ou tout simplement, gagner en confiance en soi ? &nbsp; Notre structure vous propose des ateliers<span class=\"read-more-wrap\"><a class=\"moretag\" href=\"https:\/\/annexeromainville.com\/index.php\/2025\/09\/11\/stages-professionnels\/\">Lire la suite<span class=\"screen-reader-text\">Stages Professionnels<\/span><\/a><\/span><\/p>\n","protected":false},"author":2,"featured_media":10943,"comment_status":"open","ping_status":"open","sticky":false,"template":"","format":"image","meta":{"_bbp_topic_count":0,"_bbp_reply_count":0,"_bbp_total_topic_count":0,"_bbp_total_reply_count":0,"_bbp_voice_count":0,"_bbp_anonymous_reply_count":0,"_bbp_topic_count_hidden":0,"_bbp_reply_count_hidden":0,"_bbp_forum_subforum_count":0,"ngg_post_thumbnail":0},"categories":[4],"tags":[],"_links":{"self":[{"href":"https:\/\/annexeromainville.com\/index.php\/wp-json\/wp\/v2\/posts\/10915"}],"collection":[{"href":"https:\/\/annexeromainville.com\/index.php\/wp-json\/wp\/v2\/posts"}],"about":[{"href":"https:\/\/annexeromainville.com\/index.php\/wp-json\/wp\/v2\/types\/post"}],"author":[{"embeddable":true,"href":"https:\/\/annexeromainville.com\/index.php\/wp-json\/wp\/v2\/users\/2"}],"replies":[{"embeddable":true,"href":"https:\/\/annexeromainville.com\/index.php\/wp-json\/wp\/v2\/comments?post=10915"}],"version-history":[{"count":35,"href":"https:\/\/annexeromainville.com\/index.php\/wp-json\/wp\/v2\/posts\/10915\/revisions"}],"predecessor-version":[{"id":11333,"href":"https:\/\/annexeromainville.com\/index.php\/wp-json\/wp\/v2\/posts\/10915\/revisions\/11333"}],"wp:featuredmedia":[{"embeddable":true,"href":"https:\/\/annexeromainville.com\/index.php\/wp-json\/wp\/v2\/media\/10943"}],"wp:attachment":[{"href":"https:\/\/annexeromainville.com\/index.php\/wp-json\/wp\/v2\/media?parent=10915"}],"wp:term":[{"taxonomy":"category","embeddable":true,"href":"https:\/\/annexeromainville.com\/index.php\/wp-json\/wp\/v2\/categories?post=10915"},{"taxonomy":"post_tag","embeddable":true,"href":"https:\/\/annexeromainville.com\/index.php\/wp-json\/wp\/v2\/tags?post=10915"}],"curies":[{"name":"wp","href":"https:\/\/api.w.org\/{rel}","templated":true}]}}