{"id":9172,"date":"2023-11-16T16:07:47","date_gmt":"2023-11-16T15:07:47","guid":{"rendered":"https:\/\/annexeromainville.com\/?p=9172"},"modified":"2024-01-03T16:06:43","modified_gmt":"2024-01-03T15:06:43","slug":"brunch-concert-dimanche-03-decembre-2023","status":"publish","type":"post","link":"https:\/\/annexeromainville.com\/index.php\/2023\/11\/16\/brunch-concert-dimanche-03-decembre-2023\/","title":{"rendered":"BRUNCH-CONCERT, DIMANCHE 03 D\u00c9CEMBRE 2023"},"content":{"rendered":"<div id=\"pl-9172\"  class=\"panel-layout\" ><div id=\"pg-9172-0\"  class=\"panel-grid panel-no-style\" ><div id=\"pgc-9172-0-0\"  class=\"panel-grid-cell\" ><div id=\"panel-9172-0-0-0\" class=\"so-panel widget widget_sow-image panel-first-child\" data-index=\"0\" ><div\n\t\t\t\n\t\t\tclass=\"so-widget-sow-image so-widget-sow-image-default-8b5b6f678277-9172\"\n\t\t\t\n\t\t>\n<div class=\"sow-image-container\">\n\t\t<img \n\tsrc=\"https:\/\/annexeromainville.com\/wp-content\/uploads\/2023\/12\/27.png\" width=\"1080\" height=\"1080\" srcset=\"https:\/\/annexeromainville.com\/wp-content\/uploads\/2023\/12\/27.png 1080w, https:\/\/annexeromainville.com\/wp-content\/uploads\/2023\/12\/27-300x300.png 300w, https:\/\/annexeromainville.com\/wp-content\/uploads\/2023\/12\/27-1024x1024.png 1024w, https:\/\/annexeromainville.com\/wp-content\/uploads\/2023\/12\/27-150x150.png 150w, https:\/\/annexeromainville.com\/wp-content\/uploads\/2023\/12\/27-768x768.png 768w\" sizes=\"(max-width: 1080px) 100vw, 1080px\" alt=\"\" loading=\"lazy\" \t\tclass=\"so-widget-image\"\/>\n\t<\/div>\n\n<\/div><\/div><div id=\"panel-9172-0-0-1\" class=\"so-panel widget widget_sow-image panel-last-child\" data-index=\"1\" ><div\n\t\t\t\n\t\t\tclass=\"so-widget-sow-image so-widget-sow-image-default-8b5b6f678277-9172\"\n\t\t\t\n\t\t>\n<div class=\"sow-image-container\">\n\t\t\t<a href=\"https:\/\/www.helloasso.com\/associations\/jetzt\/evenements\/brunch-concert-decembre-2023\"\n\t\t\t\t\t>\n\t\t\t<img \n\tsrc=\"https:\/\/annexeromainville.com\/wp-content\/uploads\/2023\/05\/billetterie.jpg\" width=\"1920\" height=\"250\" srcset=\"https:\/\/annexeromainville.com\/wp-content\/uploads\/2023\/05\/billetterie.jpg 1920w, https:\/\/annexeromainville.com\/wp-content\/uploads\/2023\/05\/billetterie-300x39.jpg 300w, https:\/\/annexeromainville.com\/wp-content\/uploads\/2023\/05\/billetterie-1024x133.jpg 1024w, https:\/\/annexeromainville.com\/wp-content\/uploads\/2023\/05\/billetterie-768x100.jpg 768w, https:\/\/annexeromainville.com\/wp-content\/uploads\/2023\/05\/billetterie-1536x200.jpg 1536w\" sizes=\"(max-width: 1920px) 100vw, 1920px\" alt=\"\" loading=\"lazy\" \t\tclass=\"so-widget-image\"\/>\n\t\t\t<\/a><\/div>\n\n<\/div><\/div><\/div><div id=\"pgc-9172-0-1\"  class=\"panel-grid-cell\" ><div id=\"panel-9172-0-1-0\" class=\"so-panel widget widget_sow-editor panel-first-child panel-last-child\" data-index=\"2\" ><div\n\t\t\t\n\t\t\tclass=\"so-widget-sow-editor so-widget-sow-editor-base\"\n\t\t\t\n\t\t>\n<div class=\"siteorigin-widget-tinymce textwidget\">\n\t<p>Avec <strong>Carole Cettolin<\/strong>, chanson fran\u00e7aise et pop \u00e9lectronique<\/p>\n<p>Originaire de la capitale, Carole fait partie de cette nouvelle vague qui d\u00e9ferle sur la chanson fran\u00e7aise pop. Avec un univers bien \u00e0 elle, elle brouille les fronti\u00e8res entre les genres, tant\u00f4t chanson, tant\u00f4t \u00e9lectro-pop mais avec une constante : une ambiance intimiste tout en fragilit\u00e9.<\/p>\n<p>N\u00e9e \u00e0 Paris, Carole Cettolin est une auteure compositrice interpr\u00e8te qui a d\u2019abord offici\u00e9 sous le nom de Et Maxence (dont l\u2019EP \u00ab D\u00e9but septembre \u00bb s\u2019\u00e9tait qualifi\u00e9 en demi-finale du Prix Georges Moustaki 2013).<\/p>\n<\/div>\n<\/div><\/div><\/div><\/div><div id=\"pg-9172-1\"  class=\"panel-grid panel-no-style\" ><div id=\"pgc-9172-1-0\"  class=\"panel-grid-cell\" ><div id=\"panel-9172-1-0-0\" class=\"so-panel widget widget_sow-editor panel-first-child panel-last-child\" data-index=\"3\" ><div\n\t\t\t\n\t\t\tclass=\"so-widget-sow-editor so-widget-sow-editor-base\"\n\t\t\t\n\t\t>\n<div class=\"siteorigin-widget-tinymce textwidget\">\n\t<p style=\"text-align: center;\">Ne ratez pas le dernier Brunch-Concert de l'ann\u00e9e 2023<\/p>\n<p style=\"text-align: center;\">Comme pour chaque Brunch-Concert, nous proposons trois services : <strong>10H30-12H<\/strong> \/ <strong>12H-13H<\/strong> \/ <strong>13H-14H<\/strong><\/p>\n<p style=\"text-align: center;\"><strong>Tarif :<\/strong> 18\u20ac et 9\u20ac pour les -12 ans<\/p>\n<p style=\"text-align: center;\"><strong>Menu :<\/strong> le Brunch comporte une assiette sal\u00e9e et sucr\u00e9e + du pain + des boissons chaudes \u00e0 volont\u00e9 + 1 jus de fruit<\/p>\n<p style=\"text-align: center;\">Vous pouvez r\u00e9server directement sur notre site. Et bonne nouvelle, nous prenons aussi le Pass Culture, donc vous pouvez payer avec !<\/p>\n<\/div>\n<\/div><\/div><\/div><\/div><\/div>","protected":false},"excerpt":{"rendered":"<p>Avec Carole Cettolin, chanson fran\u00e7aise et pop \u00e9lectronique Originaire de la capitale, Carole fait partie de cette nouvelle vague qui d\u00e9ferle sur la chanson fran\u00e7aise pop. Avec un univers bien<span class=\"read-more-wrap\"><a class=\"moretag\" href=\"https:\/\/annexeromainville.com\/index.php\/2023\/11\/16\/brunch-concert-dimanche-03-decembre-2023\/\">Lire la suite<span class=\"screen-reader-text\">BRUNCH-CONCERT, DIMANCHE 03 D\u00c9CEMBRE 2023<\/span><\/a><\/span><\/p>\n","protected":false},"author":2,"featured_media":9422,"comment_status":"open","ping_status":"open","sticky":false,"template":"","format":"standard","meta":{"_bbp_topic_count":0,"_bbp_reply_count":0,"_bbp_total_topic_count":0,"_bbp_total_reply_count":0,"_bbp_voice_count":0,"_bbp_anonymous_reply_count":0,"_bbp_topic_count_hidden":0,"_bbp_reply_count_hidden":0,"_bbp_forum_subforum_count":0,"ngg_post_thumbnail":0},"categories":[4],"tags":[],"_links":{"self":[{"href":"https:\/\/annexeromainville.com\/index.php\/wp-json\/wp\/v2\/posts\/9172"}],"collection":[{"href":"https:\/\/annexeromainville.com\/index.php\/wp-json\/wp\/v2\/posts"}],"about":[{"href":"https:\/\/annexeromainville.com\/index.php\/wp-json\/wp\/v2\/types\/post"}],"author":[{"embeddable":true,"href":"https:\/\/annexeromainville.com\/index.php\/wp-json\/wp\/v2\/users\/2"}],"replies":[{"embeddable":true,"href":"https:\/\/annexeromainville.com\/index.php\/wp-json\/wp\/v2\/comments?post=9172"}],"version-history":[{"count":15,"href":"https:\/\/annexeromainville.com\/index.php\/wp-json\/wp\/v2\/posts\/9172\/revisions"}],"predecessor-version":[{"id":9179,"href":"https:\/\/annexeromainville.com\/index.php\/wp-json\/wp\/v2\/posts\/9172\/revisions\/9179"}],"wp:featuredmedia":[{"embeddable":true,"href":"https:\/\/annexeromainville.com\/index.php\/wp-json\/wp\/v2\/media\/9422"}],"wp:attachment":[{"href":"https:\/\/annexeromainville.com\/index.php\/wp-json\/wp\/v2\/media?parent=9172"}],"wp:term":[{"taxonomy":"category","embeddable":true,"href":"https:\/\/annexeromainville.com\/index.php\/wp-json\/wp\/v2\/categories?post=9172"},{"taxonomy":"post_tag","embeddable":true,"href":"https:\/\/annexeromainville.com\/index.php\/wp-json\/wp\/v2\/tags?post=9172"}],"curies":[{"name":"wp","href":"https:\/\/api.w.org\/{rel}","templated":true}]}}